{"id":18872,"date":"2026-05-01T15:11:51","date_gmt":"2026-05-01T18:11:51","guid":{"rendered":"https:\/\/acervo23.com.br\/portal\/?p=18872"},"modified":"2026-05-01T17:49:20","modified_gmt":"2026-05-01T20:49:20","slug":"faculdade-r-sa-abre-inscricoes-para-o-vestibular-2026-2-o-seu-lugar-na-selecao-do-futuro","status":"publish","type":"post","link":"https:\/\/acervo23.com.br\/portal\/noticias\/faculdade-r-sa-abre-inscricoes-para-o-vestibular-2026-2-o-seu-lugar-na-selecao-do-futuro\/","title":{"rendered":"Faculdade\u00a0R.S\u00e1\u00a0abre inscri\u00e7\u00f5es para o Vestibular 2026.2:\u00a0\u201cO seu lugar na sele\u00e7\u00e3o do futuro\u201d"},"content":{"rendered":"\n<p>Com o tema&nbsp;<strong>\u201cO seu lugar na sele\u00e7\u00e3o do futuro\u201d<\/strong>, a Faculdade&nbsp;R.S\u00e1&nbsp;torna p\u00fablico o edital do Vestibular&nbsp;<strong>2026.2.<\/strong>&nbsp;As inscri\u00e7\u00f5es est\u00e3o abertas a partir do dia&nbsp;01 de maio&nbsp;e seguem at\u00e9&nbsp;22 de junho de 2026, podendo ser realizadas atrav\u00e9s do site oficial da institui\u00e7\u00e3o. A prova \u00e9 online, oferecendo mais praticidade e acessibilidade aos candidatos.<\/p>\n\n\n\n<p>Os interessados em ingressar no semestre 2026.2 podem consultar o edital completo com todas as informa\u00e7\u00f5es. Est\u00e3o sendo ofertadas vagas para os cursos de Administra\u00e7\u00e3o, Ci\u00eancias Cont\u00e1beis, Ci\u00eancia da Computa\u00e7\u00e3o, Fisioterapia, Direito, Jornalismo, Pedagogia, Psicologia e Servi\u00e7o Social.<\/p>\n\n\n\n<figure class=\"wp-block-gallery has-nested-images columns-default is-cropped wp-block-gallery-1 is-layout-flex wp-block-gallery-is-layout-flex\">\n<figure class=\"wp-block-image size-large\"><img fetchpriority=\"high\" decoding=\"async\" width=\"1280\" height=\"1600\" data-id=\"18870\" src=\"https:\/\/acervo23.com.br\/portal\/wp-content\/uploads\/2026\/05\/7697bf91-dab7-4bf9-9724-977ef436dd49.webp\" alt=\"\" class=\"wp-image-18870\" srcset=\"https:\/\/acervo23.com.br\/portal\/wp-content\/uploads\/2026\/05\/7697bf91-dab7-4bf9-9724-977ef436dd49.webp 1280w, https:\/\/acervo23.com.br\/portal\/wp-content\/uploads\/2026\/05\/7697bf91-dab7-4bf9-9724-977ef436dd49-768x960.webp 768w, https:\/\/acervo23.com.br\/portal\/wp-content\/uploads\/2026\/05\/7697bf91-dab7-4bf9-9724-977ef436dd49-1229x1536.webp 1229w\" sizes=\"(max-width: 1280px) 100vw, 1280px\" \/><\/figure>\n<\/figure>\n\n\n\n<p>As provas ser\u00e3o realizadas de forma on-line, com dura\u00e7\u00e3o total de&nbsp;04 (quatro) horas, sendo disponibilizadas no&nbsp;login&nbsp;do candidato.<\/p>\n\n\n\n<p>No ato de inscri\u00e7\u00e3o, o candidato dever\u00e1 prestar as informa\u00e7\u00f5es necess\u00e1rias ao preenchimento completo do formul\u00e1rio eletr\u00f4nico. A taxa de inscri\u00e7\u00e3o \u00e9 de&nbsp;R$ 20,00 (vinte reais). O boleto banc\u00e1rio estar\u00e1 dispon\u00edvel no endere\u00e7o eletr\u00f4nico e dever\u00e1 ser impresso para o pagamento da taxa ap\u00f3s a conclus\u00e3o da inscri\u00e7\u00e3o online. O candidato dever\u00e1 efetivar o pagamento para realiza\u00e7\u00e3o da prova.<\/p>\n\n\n\n<p>Ser\u00e3o aplicadas provas objetivas com&nbsp;conte\u00fadosde&nbsp;Ci\u00eancias da Natureza, Linguagens e C\u00f3digos, Ci\u00eancias Humanas e Matem\u00e1tica, al\u00e9m da escolha de&nbsp;L\u00edngua Estrangeira (Ingl\u00eas ou Espanhol)&nbsp;no ato da inscri\u00e7\u00e3o.<\/p>\n\n\n\n<figure class=\"wp-block-image size-full\"><img decoding=\"async\" width=\"1600\" height=\"583\" src=\"https:\/\/acervo23.com.br\/portal\/wp-content\/uploads\/2026\/05\/9076d587-971a-45f9-8f39-f81ff29bef84.webp\" alt=\"\" class=\"wp-image-18876\" srcset=\"https:\/\/acervo23.com.br\/portal\/wp-content\/uploads\/2026\/05\/9076d587-971a-45f9-8f39-f81ff29bef84.webp 1600w, https:\/\/acervo23.com.br\/portal\/wp-content\/uploads\/2026\/05\/9076d587-971a-45f9-8f39-f81ff29bef84-768x280.webp 768w, https:\/\/acervo23.com.br\/portal\/wp-content\/uploads\/2026\/05\/9076d587-971a-45f9-8f39-f81ff29bef84-1536x560.webp 1536w\" sizes=\"(max-width: 1600px) 100vw, 1600px\" \/><\/figure>\n\n\n\n<p>Os candidatos poder\u00e3o concorrer a&nbsp;duas op\u00e7\u00f5es de curso\/turno, conforme escolha realizada no momento da inscri\u00e7\u00e3o. A sele\u00e7\u00e3o ser\u00e1 feita de acordo com o desempenho no vestibular e o n\u00famero de vagas oferecidas.<\/p>\n\n\n\n<p>O resultado do vestibular ser\u00e1 encaminhado por e-mail ao candidato em at\u00e9&nbsp;72 horas ap\u00f3s a realiza\u00e7\u00e3o da prova.<\/p>\n\n\n\n<p>Baixe o Edital Aqui<\/p>\n\n\n\n<div data-wp-interactive=\"core\/file\" class=\"wp-block-file\"><object data-wp-bind--hidden=\"!state.hasPdfPreview\" hidden class=\"wp-block-file__embed\" data=\"https:\/\/acervo23.com.br\/portal\/wp-content\/uploads\/2026\/05\/EditalCompletoVestibular2026.2.pdf\" type=\"application\/pdf\" style=\"width:100%;height:600px\" aria-label=\"Incorporado de EditalCompletoVestibular2026.2.\"><\/object><a id=\"wp-block-file--media-8a81fd8c-e554-444e-a3ea-505c7e17be3a\" href=\"https:\/\/acervo23.com.br\/portal\/wp-content\/uploads\/2026\/05\/EditalCompletoVestibular2026.2.pdf\">EditalCompletoVestibular2026.2<\/a><a href=\"https:\/\/acervo23.com.br\/portal\/wp-content\/uploads\/2026\/05\/EditalCompletoVestibular2026.2.pdf\" class=\"wp-block-file__button wp-element-button\" download aria-describedby=\"wp-block-file--media-8a81fd8c-e554-444e-a3ea-505c7e17be3a\">Baixar<\/a><\/div>\n\n\n\n<p><\/p>\n","protected":false},"excerpt":{"rendered":"<p>Com o tema&nbsp;\u201cO seu lugar na sele\u00e7\u00e3o do futuro\u201d, a Faculdade&nbsp;R.S\u00e1&nbsp;torna p\u00fablico o edital do Vestibular&nbsp;2026.2.&nbsp;As inscri\u00e7\u00f5es est\u00e3o abertas a partir do dia&nbsp;01 de maio&nbsp;e seguem at\u00e9&nbsp;22 de junho de 2026, podendo ser realizadas atrav\u00e9s do site oficial da institui\u00e7\u00e3o. A prova \u00e9 online, oferecendo mais praticidade e acessibilidade aos candidatos. Os interessados em ingressar [&hellip;]<\/p>\n","protected":false},"author":10,"featured_media":18876,"comment_status":"open","ping_status":"open","sticky":false,"template":"","format":"standard","meta":{"footnotes":""},"categories":[1405,1],"tags":[228,542,1343],"class_list":["post-18872","post","type-post","status-publish","format-standard","has-post-thumbnail","hentry","category-destaque","category-noticias","tag-acervo-noticia-piaui","tag-destaque","tag-destaques"],"yoast_head":"<!-- This site is optimized with the Yoast SEO plugin v27.5 - https:\/\/yoast.com\/product\/yoast-seo-wordpress\/ -->\n<title>Faculdade\u00a0R.S\u00e1\u00a0abre inscri\u00e7\u00f5es para o Vestibular 2026.2:\u00a0\u201cO seu lugar na sele\u00e7\u00e3o do futuro\u201d - Acervo Not\u00edcias<\/title>\n<meta name=\"robots\" content=\"index, follow, max-snippet:-1, max-image-preview:large, max-video-preview:-1\" \/>\n<link rel=\"canonical\" href=\"https:\/\/acervo23.com.br\/portal\/noticias\/faculdade-r-sa-abre-inscricoes-para-o-vestibular-2026-2-o-seu-lugar-na-selecao-do-futuro\/\" \/>\n<meta property=\"og:locale\" content=\"pt_BR\" \/>\n<meta property=\"og:type\" content=\"article\" \/>\n<meta property=\"og:title\" content=\"Faculdade\u00a0R.S\u00e1\u00a0abre inscri\u00e7\u00f5es para o Vestibular 2026.2:\u00a0\u201cO seu lugar na sele\u00e7\u00e3o do futuro\u201d - Acervo Not\u00edcias\" \/>\n<meta property=\"og:description\" content=\"Com o tema&nbsp;\u201cO seu lugar na sele\u00e7\u00e3o do futuro\u201d, a Faculdade&nbsp;R.S\u00e1&nbsp;torna p\u00fablico o edital do Vestibular&nbsp;2026.2.&nbsp;As inscri\u00e7\u00f5es est\u00e3o abertas a partir do dia&nbsp;01 de maio&nbsp;e seguem at\u00e9&nbsp;22 de junho de 2026, podendo ser realizadas atrav\u00e9s do site oficial da institui\u00e7\u00e3o. A prova \u00e9 online, oferecendo mais praticidade e acessibilidade aos candidatos. Os interessados em ingressar [&hellip;]\" \/>\n<meta property=\"og:url\" content=\"https:\/\/acervo23.com.br\/portal\/noticias\/faculdade-r-sa-abre-inscricoes-para-o-vestibular-2026-2-o-seu-lugar-na-selecao-do-futuro\/\" \/>\n<meta property=\"og:site_name\" content=\"Acervo Not\u00edcias\" \/>\n<meta property=\"article:publisher\" content=\"https:\/\/www.facebook.com\/kamillaevelynn?mibextid=LQQJ4d\" \/>\n<meta property=\"article:published_time\" content=\"2026-05-01T18:11:51+00:00\" \/>\n<meta property=\"article:modified_time\" content=\"2026-05-01T20:49:20+00:00\" \/>\n<meta property=\"og:image\" content=\"https:\/\/acervo23.com.br\/portal\/wp-content\/uploads\/2026\/05\/9076d587-971a-45f9-8f39-f81ff29bef84.webp\" \/>\n\t<meta property=\"og:image:width\" content=\"1600\" \/>\n\t<meta property=\"og:image:height\" content=\"583\" \/>\n\t<meta property=\"og:image:type\" content=\"image\/webp\" \/>\n<meta name=\"author\" content=\"Reda\u00e7\u00e3o Acervo 23\" \/>\n<meta name=\"twitter:card\" content=\"summary_large_image\" \/>\n<meta name=\"twitter:label1\" content=\"Escrito por\" \/>\n\t<meta name=\"twitter:data1\" content=\"Reda\u00e7\u00e3o Acervo 23\" \/>\n\t<meta name=\"twitter:label2\" content=\"Est. tempo de leitura\" \/>\n\t<meta name=\"twitter:data2\" content=\"3 minutos\" \/>\n<script type=\"application\/ld+json\" class=\"yoast-schema-graph\">{\"@context\":\"https:\\\/\\\/schema.org\",\"@graph\":[{\"@type\":\"Article\",\"@id\":\"https:\\\/\\\/acervo23.com.br\\\/portal\\\/noticias\\\/faculdade-r-sa-abre-inscricoes-para-o-vestibular-2026-2-o-seu-lugar-na-selecao-do-futuro\\\/#article\",\"isPartOf\":{\"@id\":\"https:\\\/\\\/acervo23.com.br\\\/portal\\\/noticias\\\/faculdade-r-sa-abre-inscricoes-para-o-vestibular-2026-2-o-seu-lugar-na-selecao-do-futuro\\\/\"},\"author\":{\"name\":\"Reda\u00e7\u00e3o Acervo 23\",\"@id\":\"https:\\\/\\\/acervo23.com.br\\\/portal\\\/#\\\/schema\\\/person\\\/fe9f08929c130b3f414434596ebe0b11\"},\"headline\":\"Faculdade\u00a0R.S\u00e1\u00a0abre inscri\u00e7\u00f5es para o Vestibular 2026.2:\u00a0\u201cO seu lugar na sele\u00e7\u00e3o do futuro\u201d\",\"datePublished\":\"2026-05-01T18:11:51+00:00\",\"dateModified\":\"2026-05-01T20:49:20+00:00\",\"mainEntityOfPage\":{\"@id\":\"https:\\\/\\\/acervo23.com.br\\\/portal\\\/noticias\\\/faculdade-r-sa-abre-inscricoes-para-o-vestibular-2026-2-o-seu-lugar-na-selecao-do-futuro\\\/\"},\"wordCount\":338,\"commentCount\":0,\"publisher\":{\"@id\":\"https:\\\/\\\/acervo23.com.br\\\/portal\\\/#organization\"},\"image\":{\"@id\":\"https:\\\/\\\/acervo23.com.br\\\/portal\\\/noticias\\\/faculdade-r-sa-abre-inscricoes-para-o-vestibular-2026-2-o-seu-lugar-na-selecao-do-futuro\\\/#primaryimage\"},\"thumbnailUrl\":\"https:\\\/\\\/acervo23.com.br\\\/portal\\\/wp-content\\\/uploads\\\/2026\\\/05\\\/9076d587-971a-45f9-8f39-f81ff29bef84.webp\",\"keywords\":[\"Acervo Not\u00edcia Piau\u00ed\",\"Destaque\",\"Destaques\"],\"articleSection\":[\"Destaque\",\"Not\u00edcias\"],\"inLanguage\":\"pt-BR\",\"potentialAction\":[{\"@type\":\"CommentAction\",\"name\":\"Comment\",\"target\":[\"https:\\\/\\\/acervo23.com.br\\\/portal\\\/noticias\\\/faculdade-r-sa-abre-inscricoes-para-o-vestibular-2026-2-o-seu-lugar-na-selecao-do-futuro\\\/#respond\"]}]},{\"@type\":\"WebPage\",\"@id\":\"https:\\\/\\\/acervo23.com.br\\\/portal\\\/noticias\\\/faculdade-r-sa-abre-inscricoes-para-o-vestibular-2026-2-o-seu-lugar-na-selecao-do-futuro\\\/\",\"url\":\"https:\\\/\\\/acervo23.com.br\\\/portal\\\/noticias\\\/faculdade-r-sa-abre-inscricoes-para-o-vestibular-2026-2-o-seu-lugar-na-selecao-do-futuro\\\/\",\"name\":\"Faculdade\u00a0R.S\u00e1\u00a0abre inscri\u00e7\u00f5es para o Vestibular 2026.2:\u00a0\u201cO seu lugar na sele\u00e7\u00e3o do futuro\u201d - Acervo Not\u00edcias\",\"isPartOf\":{\"@id\":\"https:\\\/\\\/acervo23.com.br\\\/portal\\\/#website\"},\"primaryImageOfPage\":{\"@id\":\"https:\\\/\\\/acervo23.com.br\\\/portal\\\/noticias\\\/faculdade-r-sa-abre-inscricoes-para-o-vestibular-2026-2-o-seu-lugar-na-selecao-do-futuro\\\/#primaryimage\"},\"image\":{\"@id\":\"https:\\\/\\\/acervo23.com.br\\\/portal\\\/noticias\\\/faculdade-r-sa-abre-inscricoes-para-o-vestibular-2026-2-o-seu-lugar-na-selecao-do-futuro\\\/#primaryimage\"},\"thumbnailUrl\":\"https:\\\/\\\/acervo23.com.br\\\/portal\\\/wp-content\\\/uploads\\\/2026\\\/05\\\/9076d587-971a-45f9-8f39-f81ff29bef84.webp\",\"datePublished\":\"2026-05-01T18:11:51+00:00\",\"dateModified\":\"2026-05-01T20:49:20+00:00\",\"breadcrumb\":{\"@id\":\"https:\\\/\\\/acervo23.com.br\\\/portal\\\/noticias\\\/faculdade-r-sa-abre-inscricoes-para-o-vestibular-2026-2-o-seu-lugar-na-selecao-do-futuro\\\/#breadcrumb\"},\"inLanguage\":\"pt-BR\",\"potentialAction\":[{\"@type\":\"ReadAction\",\"target\":[\"https:\\\/\\\/acervo23.com.br\\\/portal\\\/noticias\\\/faculdade-r-sa-abre-inscricoes-para-o-vestibular-2026-2-o-seu-lugar-na-selecao-do-futuro\\\/\"]}]},{\"@type\":\"ImageObject\",\"inLanguage\":\"pt-BR\",\"@id\":\"https:\\\/\\\/acervo23.com.br\\\/portal\\\/noticias\\\/faculdade-r-sa-abre-inscricoes-para-o-vestibular-2026-2-o-seu-lugar-na-selecao-do-futuro\\\/#primaryimage\",\"url\":\"https:\\\/\\\/acervo23.com.br\\\/portal\\\/wp-content\\\/uploads\\\/2026\\\/05\\\/9076d587-971a-45f9-8f39-f81ff29bef84.webp\",\"contentUrl\":\"https:\\\/\\\/acervo23.com.br\\\/portal\\\/wp-content\\\/uploads\\\/2026\\\/05\\\/9076d587-971a-45f9-8f39-f81ff29bef84.webp\",\"width\":1600,\"height\":583},{\"@type\":\"BreadcrumbList\",\"@id\":\"https:\\\/\\\/acervo23.com.br\\\/portal\\\/noticias\\\/faculdade-r-sa-abre-inscricoes-para-o-vestibular-2026-2-o-seu-lugar-na-selecao-do-futuro\\\/#breadcrumb\",\"itemListElement\":[{\"@type\":\"ListItem\",\"position\":1,\"name\":\"In\u00edcio\",\"item\":\"https:\\\/\\\/acervo23.com.br\\\/portal\\\/\"},{\"@type\":\"ListItem\",\"position\":2,\"name\":\"Faculdade\u00a0R.S\u00e1\u00a0abre inscri\u00e7\u00f5es para o Vestibular 2026.2:\u00a0\u201cO seu lugar na sele\u00e7\u00e3o do futuro\u201d\"}]},{\"@type\":\"WebSite\",\"@id\":\"https:\\\/\\\/acervo23.com.br\\\/portal\\\/#website\",\"url\":\"https:\\\/\\\/acervo23.com.br\\\/portal\\\/\",\"name\":\"Acervo Not\u00edcias\",\"description\":\"Acervo 23 Not\u00edcias: informa\u00e7\u00e3o de qualidade e atualizada sobre os principais acontecimentos em Picos, Piau\u00ed, Brasil e no mundo. Seu portal de not\u00edcias confi\u00e1vel e diversificado, cobrindo economia, cultura, esportes, eventos e muito mais.\",\"publisher\":{\"@id\":\"https:\\\/\\\/acervo23.com.br\\\/portal\\\/#organization\"},\"alternateName\":\"Acervo Picos, Acervo Not\u00edcias Picos, Acervo Not\u00edcias Piau\u00ed, Acervonews, Acervonoticias, ACERVO23, Picos\",\"potentialAction\":[{\"@type\":\"SearchAction\",\"target\":{\"@type\":\"EntryPoint\",\"urlTemplate\":\"https:\\\/\\\/acervo23.com.br\\\/portal\\\/?s={search_term_string}\"},\"query-input\":{\"@type\":\"PropertyValueSpecification\",\"valueRequired\":true,\"valueName\":\"search_term_string\"}}],\"inLanguage\":\"pt-BR\"},{\"@type\":\"Organization\",\"@id\":\"https:\\\/\\\/acervo23.com.br\\\/portal\\\/#organization\",\"name\":\"Acervo Not\u00edcias\",\"alternateName\":\"AcervoNot\u00edcias, Acervo Not\u00edcias Picos, Acervo Not\u00edcias Piau\u00ed, AcervoNews, Acervo News, Acervo23\",\"url\":\"https:\\\/\\\/acervo23.com.br\\\/portal\\\/\",\"logo\":{\"@type\":\"ImageObject\",\"inLanguage\":\"pt-BR\",\"@id\":\"https:\\\/\\\/acervo23.com.br\\\/portal\\\/#\\\/schema\\\/logo\\\/image\\\/\",\"url\":\"https:\\\/\\\/acervo23.com.br\\\/portal\\\/wp-content\\\/uploads\\\/2023\\\/05\\\/Logo-Acervo-final.jpg\",\"contentUrl\":\"https:\\\/\\\/acervo23.com.br\\\/portal\\\/wp-content\\\/uploads\\\/2023\\\/05\\\/Logo-Acervo-final.jpg\",\"width\":375,\"height\":344,\"caption\":\"Acervo Not\u00edcias\"},\"image\":{\"@id\":\"https:\\\/\\\/acervo23.com.br\\\/portal\\\/#\\\/schema\\\/logo\\\/image\\\/\"},\"sameAs\":[\"https:\\\/\\\/www.facebook.com\\\/kamillaevelynn?mibextid=LQQJ4d\",\"https:\\\/\\\/youtube.com\\\/@acervonoticias?si=4ngb5Sz2rlWqhTEm\",\"https:\\\/\\\/www.instagram.com\\\/acervonoticias\\\/?igshid=MzMyNGUyNmU2YQ==\"]},{\"@type\":\"Person\",\"@id\":\"https:\\\/\\\/acervo23.com.br\\\/portal\\\/#\\\/schema\\\/person\\\/fe9f08929c130b3f414434596ebe0b11\",\"name\":\"Reda\u00e7\u00e3o Acervo 23\",\"image\":{\"@type\":\"ImageObject\",\"inLanguage\":\"pt-BR\",\"@id\":\"https:\\\/\\\/secure.gravatar.com\\\/avatar\\\/9f50dff0f0da9deaf1398d7474702fb652270d70a27af6083c30ec9e482a9932?s=96&d=mm&r=g\",\"url\":\"https:\\\/\\\/secure.gravatar.com\\\/avatar\\\/9f50dff0f0da9deaf1398d7474702fb652270d70a27af6083c30ec9e482a9932?s=96&d=mm&r=g\",\"contentUrl\":\"https:\\\/\\\/secure.gravatar.com\\\/avatar\\\/9f50dff0f0da9deaf1398d7474702fb652270d70a27af6083c30ec9e482a9932?s=96&d=mm&r=g\",\"caption\":\"Reda\u00e7\u00e3o Acervo 23\"},\"url\":\"https:\\\/\\\/acervo23.com.br\\\/portal\\\/author\\\/luimaykell\\\/\"}]}<\/script>\n<!-- \/ Yoast SEO plugin. -->","yoast_head_json":{"title":"Faculdade\u00a0R.S\u00e1\u00a0abre inscri\u00e7\u00f5es para o Vestibular 2026.2:\u00a0\u201cO seu lugar na sele\u00e7\u00e3o do futuro\u201d - Acervo Not\u00edcias","robots":{"index":"index","follow":"follow","max-snippet":"max-snippet:-1","max-image-preview":"max-image-preview:large","max-video-preview":"max-video-preview:-1"},"canonical":"https:\/\/acervo23.com.br\/portal\/noticias\/faculdade-r-sa-abre-inscricoes-para-o-vestibular-2026-2-o-seu-lugar-na-selecao-do-futuro\/","og_locale":"pt_BR","og_type":"article","og_title":"Faculdade\u00a0R.S\u00e1\u00a0abre inscri\u00e7\u00f5es para o Vestibular 2026.2:\u00a0\u201cO seu lugar na sele\u00e7\u00e3o do futuro\u201d - Acervo Not\u00edcias","og_description":"Com o tema&nbsp;\u201cO seu lugar na sele\u00e7\u00e3o do futuro\u201d, a Faculdade&nbsp;R.S\u00e1&nbsp;torna p\u00fablico o edital do Vestibular&nbsp;2026.2.&nbsp;As inscri\u00e7\u00f5es est\u00e3o abertas a partir do dia&nbsp;01 de maio&nbsp;e seguem at\u00e9&nbsp;22 de junho de 2026, podendo ser realizadas atrav\u00e9s do site oficial da institui\u00e7\u00e3o. A prova \u00e9 online, oferecendo mais praticidade e acessibilidade aos candidatos. Os interessados em ingressar [&hellip;]","og_url":"https:\/\/acervo23.com.br\/portal\/noticias\/faculdade-r-sa-abre-inscricoes-para-o-vestibular-2026-2-o-seu-lugar-na-selecao-do-futuro\/","og_site_name":"Acervo Not\u00edcias","article_publisher":"https:\/\/www.facebook.com\/kamillaevelynn?mibextid=LQQJ4d","article_published_time":"2026-05-01T18:11:51+00:00","article_modified_time":"2026-05-01T20:49:20+00:00","og_image":[{"width":1600,"height":583,"url":"https:\/\/acervo23.com.br\/portal\/wp-content\/uploads\/2026\/05\/9076d587-971a-45f9-8f39-f81ff29bef84.webp","type":"image\/webp"}],"author":"Reda\u00e7\u00e3o Acervo 23","twitter_card":"summary_large_image","twitter_misc":{"Escrito por":"Reda\u00e7\u00e3o Acervo 23","Est. tempo de leitura":"3 minutos"},"schema":{"@context":"https:\/\/schema.org","@graph":[{"@type":"Article","@id":"https:\/\/acervo23.com.br\/portal\/noticias\/faculdade-r-sa-abre-inscricoes-para-o-vestibular-2026-2-o-seu-lugar-na-selecao-do-futuro\/#article","isPartOf":{"@id":"https:\/\/acervo23.com.br\/portal\/noticias\/faculdade-r-sa-abre-inscricoes-para-o-vestibular-2026-2-o-seu-lugar-na-selecao-do-futuro\/"},"author":{"name":"Reda\u00e7\u00e3o Acervo 23","@id":"https:\/\/acervo23.com.br\/portal\/#\/schema\/person\/fe9f08929c130b3f414434596ebe0b11"},"headline":"Faculdade\u00a0R.S\u00e1\u00a0abre inscri\u00e7\u00f5es para o Vestibular 2026.2:\u00a0\u201cO seu lugar na sele\u00e7\u00e3o do futuro\u201d","datePublished":"2026-05-01T18:11:51+00:00","dateModified":"2026-05-01T20:49:20+00:00","mainEntityOfPage":{"@id":"https:\/\/acervo23.com.br\/portal\/noticias\/faculdade-r-sa-abre-inscricoes-para-o-vestibular-2026-2-o-seu-lugar-na-selecao-do-futuro\/"},"wordCount":338,"commentCount":0,"publisher":{"@id":"https:\/\/acervo23.com.br\/portal\/#organization"},"image":{"@id":"https:\/\/acervo23.com.br\/portal\/noticias\/faculdade-r-sa-abre-inscricoes-para-o-vestibular-2026-2-o-seu-lugar-na-selecao-do-futuro\/#primaryimage"},"thumbnailUrl":"https:\/\/acervo23.com.br\/portal\/wp-content\/uploads\/2026\/05\/9076d587-971a-45f9-8f39-f81ff29bef84.webp","keywords":["Acervo Not\u00edcia Piau\u00ed","Destaque","Destaques"],"articleSection":["Destaque","Not\u00edcias"],"inLanguage":"pt-BR","potentialAction":[{"@type":"CommentAction","name":"Comment","target":["https:\/\/acervo23.com.br\/portal\/noticias\/faculdade-r-sa-abre-inscricoes-para-o-vestibular-2026-2-o-seu-lugar-na-selecao-do-futuro\/#respond"]}]},{"@type":"WebPage","@id":"https:\/\/acervo23.com.br\/portal\/noticias\/faculdade-r-sa-abre-inscricoes-para-o-vestibular-2026-2-o-seu-lugar-na-selecao-do-futuro\/","url":"https:\/\/acervo23.com.br\/portal\/noticias\/faculdade-r-sa-abre-inscricoes-para-o-vestibular-2026-2-o-seu-lugar-na-selecao-do-futuro\/","name":"Faculdade\u00a0R.S\u00e1\u00a0abre inscri\u00e7\u00f5es para o Vestibular 2026.2:\u00a0\u201cO seu lugar na sele\u00e7\u00e3o do futuro\u201d - Acervo Not\u00edcias","isPartOf":{"@id":"https:\/\/acervo23.com.br\/portal\/#website"},"primaryImageOfPage":{"@id":"https:\/\/acervo23.com.br\/portal\/noticias\/faculdade-r-sa-abre-inscricoes-para-o-vestibular-2026-2-o-seu-lugar-na-selecao-do-futuro\/#primaryimage"},"image":{"@id":"https:\/\/acervo23.com.br\/portal\/noticias\/faculdade-r-sa-abre-inscricoes-para-o-vestibular-2026-2-o-seu-lugar-na-selecao-do-futuro\/#primaryimage"},"thumbnailUrl":"https:\/\/acervo23.com.br\/portal\/wp-content\/uploads\/2026\/05\/9076d587-971a-45f9-8f39-f81ff29bef84.webp","datePublished":"2026-05-01T18:11:51+00:00","dateModified":"2026-05-01T20:49:20+00:00","breadcrumb":{"@id":"https:\/\/acervo23.com.br\/portal\/noticias\/faculdade-r-sa-abre-inscricoes-para-o-vestibular-2026-2-o-seu-lugar-na-selecao-do-futuro\/#breadcrumb"},"inLanguage":"pt-BR","potentialAction":[{"@type":"ReadAction","target":["https:\/\/acervo23.com.br\/portal\/noticias\/faculdade-r-sa-abre-inscricoes-para-o-vestibular-2026-2-o-seu-lugar-na-selecao-do-futuro\/"]}]},{"@type":"ImageObject","inLanguage":"pt-BR","@id":"https:\/\/acervo23.com.br\/portal\/noticias\/faculdade-r-sa-abre-inscricoes-para-o-vestibular-2026-2-o-seu-lugar-na-selecao-do-futuro\/#primaryimage","url":"https:\/\/acervo23.com.br\/portal\/wp-content\/uploads\/2026\/05\/9076d587-971a-45f9-8f39-f81ff29bef84.webp","contentUrl":"https:\/\/acervo23.com.br\/portal\/wp-content\/uploads\/2026\/05\/9076d587-971a-45f9-8f39-f81ff29bef84.webp","width":1600,"height":583},{"@type":"BreadcrumbList","@id":"https:\/\/acervo23.com.br\/portal\/noticias\/faculdade-r-sa-abre-inscricoes-para-o-vestibular-2026-2-o-seu-lugar-na-selecao-do-futuro\/#breadcrumb","itemListElement":[{"@type":"ListItem","position":1,"name":"In\u00edcio","item":"https:\/\/acervo23.com.br\/portal\/"},{"@type":"ListItem","position":2,"name":"Faculdade\u00a0R.S\u00e1\u00a0abre inscri\u00e7\u00f5es para o Vestibular 2026.2:\u00a0\u201cO seu lugar na sele\u00e7\u00e3o do futuro\u201d"}]},{"@type":"WebSite","@id":"https:\/\/acervo23.com.br\/portal\/#website","url":"https:\/\/acervo23.com.br\/portal\/","name":"Acervo Not\u00edcias","description":"Acervo 23 Not\u00edcias: informa\u00e7\u00e3o de qualidade e atualizada sobre os principais acontecimentos em Picos, Piau\u00ed, Brasil e no mundo. Seu portal de not\u00edcias confi\u00e1vel e diversificado, cobrindo economia, cultura, esportes, eventos e muito mais.","publisher":{"@id":"https:\/\/acervo23.com.br\/portal\/#organization"},"alternateName":"Acervo Picos, Acervo Not\u00edcias Picos, Acervo Not\u00edcias Piau\u00ed, Acervonews, Acervonoticias, ACERVO23, Picos","potentialAction":[{"@type":"SearchAction","target":{"@type":"EntryPoint","urlTemplate":"https:\/\/acervo23.com.br\/portal\/?s={search_term_string}"},"query-input":{"@type":"PropertyValueSpecification","valueRequired":true,"valueName":"search_term_string"}}],"inLanguage":"pt-BR"},{"@type":"Organization","@id":"https:\/\/acervo23.com.br\/portal\/#organization","name":"Acervo Not\u00edcias","alternateName":"AcervoNot\u00edcias, Acervo Not\u00edcias Picos, Acervo Not\u00edcias Piau\u00ed, AcervoNews, Acervo News, Acervo23","url":"https:\/\/acervo23.com.br\/portal\/","logo":{"@type":"ImageObject","inLanguage":"pt-BR","@id":"https:\/\/acervo23.com.br\/portal\/#\/schema\/logo\/image\/","url":"https:\/\/acervo23.com.br\/portal\/wp-content\/uploads\/2023\/05\/Logo-Acervo-final.jpg","contentUrl":"https:\/\/acervo23.com.br\/portal\/wp-content\/uploads\/2023\/05\/Logo-Acervo-final.jpg","width":375,"height":344,"caption":"Acervo Not\u00edcias"},"image":{"@id":"https:\/\/acervo23.com.br\/portal\/#\/schema\/logo\/image\/"},"sameAs":["https:\/\/www.facebook.com\/kamillaevelynn?mibextid=LQQJ4d","https:\/\/youtube.com\/@acervonoticias?si=4ngb5Sz2rlWqhTEm","https:\/\/www.instagram.com\/acervonoticias\/?igshid=MzMyNGUyNmU2YQ=="]},{"@type":"Person","@id":"https:\/\/acervo23.com.br\/portal\/#\/schema\/person\/fe9f08929c130b3f414434596ebe0b11","name":"Reda\u00e7\u00e3o Acervo 23","image":{"@type":"ImageObject","inLanguage":"pt-BR","@id":"https:\/\/secure.gravatar.com\/avatar\/9f50dff0f0da9deaf1398d7474702fb652270d70a27af6083c30ec9e482a9932?s=96&d=mm&r=g","url":"https:\/\/secure.gravatar.com\/avatar\/9f50dff0f0da9deaf1398d7474702fb652270d70a27af6083c30ec9e482a9932?s=96&d=mm&r=g","contentUrl":"https:\/\/secure.gravatar.com\/avatar\/9f50dff0f0da9deaf1398d7474702fb652270d70a27af6083c30ec9e482a9932?s=96&d=mm&r=g","caption":"Reda\u00e7\u00e3o Acervo 23"},"url":"https:\/\/acervo23.com.br\/portal\/author\/luimaykell\/"}]}},"_links":{"self":[{"href":"https:\/\/acervo23.com.br\/portal\/wp-json\/wp\/v2\/posts\/18872","targetHints":{"allow":["GET"]}}],"collection":[{"href":"https:\/\/acervo23.com.br\/portal\/wp-json\/wp\/v2\/posts"}],"about":[{"href":"https:\/\/acervo23.com.br\/portal\/wp-json\/wp\/v2\/types\/post"}],"author":[{"embeddable":true,"href":"https:\/\/acervo23.com.br\/portal\/wp-json\/wp\/v2\/users\/10"}],"replies":[{"embeddable":true,"href":"https:\/\/acervo23.com.br\/portal\/wp-json\/wp\/v2\/comments?post=18872"}],"version-history":[{"count":3,"href":"https:\/\/acervo23.com.br\/portal\/wp-json\/wp\/v2\/posts\/18872\/revisions"}],"predecessor-version":[{"id":18877,"href":"https:\/\/acervo23.com.br\/portal\/wp-json\/wp\/v2\/posts\/18872\/revisions\/18877"}],"wp:featuredmedia":[{"embeddable":true,"href":"https:\/\/acervo23.com.br\/portal\/wp-json\/wp\/v2\/media\/18876"}],"wp:attachment":[{"href":"https:\/\/acervo23.com.br\/portal\/wp-json\/wp\/v2\/media?parent=18872"}],"wp:term":[{"taxonomy":"category","embeddable":true,"href":"https:\/\/acervo23.com.br\/portal\/wp-json\/wp\/v2\/categories?post=18872"},{"taxonomy":"post_tag","embeddable":true,"href":"https:\/\/acervo23.com.br\/portal\/wp-json\/wp\/v2\/tags?post=18872"}],"curies":[{"name":"wp","href":"https:\/\/api.w.org\/{rel}","templated":true}]}}